{"id":9312,"date":"2024-12-30T19:23:48","date_gmt":"2024-12-30T19:23:48","guid":{"rendered":"https:\/\/sighsas.com\/V4\/?p=9312"},"modified":"2024-12-30T19:47:09","modified_gmt":"2024-12-30T19:47:09","slug":"lo-nuevo-del-salario-minimo-y-auxilio-de-transporte-para-2025-dia-de-la-mujer-y-el-hombre-2024","status":"publish","type":"post","link":"https:\/\/sighsas.com\/V4\/2024\/12\/30\/lo-nuevo-del-salario-minimo-y-auxilio-de-transporte-para-2025-dia-de-la-mujer-y-el-hombre-2024\/","title":{"rendered":"Lo Nuevo del Salario M\u00ednimo y Auxilio de Transporte para 2025\u00a0D\u00eda de la mujer y el hombre 2024"},"content":{"rendered":"\t\t<div data-elementor-type=\"wp-post\" data-elementor-id=\"9312\" class=\"elementor elementor-9312\" data-elementor-post-type=\"post\">\n\t\t\t\t\t\t<section class=\"has_eae_slider elementor-section elementor-top-section elementor-element elementor-element-d323379 elementor-section-boxed elementor-section-height-default elementor-section-height-default\" data-eae-slider=\"13648\" data-id=\"d323379\" data-element_type=\"section\" data-e-type=\"section\" data-settings=\"{&quot;background_background&quot;:&quot;classic&quot;}\">\n\t\t\t\t\t\t<div class=\"elementor-container elementor-column-gap-default\">\n\t\t\t\t\t<div class=\"has_eae_slider elementor-column elementor-col-100 elementor-top-column elementor-element elementor-element-dc0ab41\" data-eae-slider=\"35773\" data-id=\"dc0ab41\" data-element_type=\"column\" data-e-type=\"column\">\n\t\t\t<div class=\"elementor-widget-wrap\">\n\t\t\t\t\t\t\t<\/div>\n\t\t<\/div>\n\t\t\t\t\t<\/div>\n\t\t<\/section>\n\t\t\t\t<section class=\"has_eae_slider elementor-section elementor-top-section elementor-element elementor-element-b3ced5b elementor-section-boxed elementor-section-height-default elementor-section-height-default\" data-eae-slider=\"33477\" data-id=\"b3ced5b\" data-element_type=\"section\" data-e-type=\"section\">\n\t\t\t\t\t\t<div class=\"elementor-container elementor-column-gap-default\">\n\t\t\t\t\t<div class=\"has_eae_slider elementor-column elementor-col-100 elementor-top-column elementor-element elementor-element-a401f9e\" data-eae-slider=\"15853\" data-id=\"a401f9e\" data-element_type=\"column\" data-e-type=\"column\">\n\t\t\t<div class=\"elementor-widget-wrap elementor-element-populated\">\n\t\t\t\t\t\t<div class=\"elementor-element elementor-element-999b107 elementor-widget elementor-widget-heading\" data-id=\"999b107\" data-element_type=\"widget\" data-e-type=\"widget\" data-widget_type=\"heading.default\">\n\t\t\t\t<div class=\"elementor-widget-container\">\n\t\t\t\t\t<h2 class=\"elementor-heading-title elementor-size-default\">Lo Nuevo del Salario M\u00ednimo y Auxilio de Transporte para 2025<\/h2>\t\t\t\t<\/div>\n\t\t\t\t<\/div>\n\t\t\t\t<div class=\"elementor-element elementor-element-32c4f2d elementor-widget elementor-widget-text-editor\" data-id=\"32c4f2d\" data-element_type=\"widget\" data-e-type=\"widget\" data-widget_type=\"text-editor.default\">\n\t\t\t\t<div class=\"elementor-widget-container\">\n\t\t\t\t\t\t\t\t\t<p style=\"text-align: center; color: #294a9b;\">El inicio de un nuevo a\u00f1o trae consigo ajustes que impactan a millones de colombianos, y este 2025 no es la excepci\u00f3n.\nEl salario m\u00ednimo y el auxilio de transporte, pilares del bienestar laboral, han sido actualizados como parte de las pol\u00edticas\nque buscan mejorar la calidad de vida de los trabajadores y fomentar el desarrollo econ\u00f3mico.<\/p>\t\t\t\t\t\t\t\t<\/div>\n\t\t\t\t<\/div>\n\t\t\t\t<div class=\"elementor-element elementor-element-9e4360e elementor-widget elementor-widget-text-editor\" data-id=\"9e4360e\" data-element_type=\"widget\" data-e-type=\"widget\" data-widget_type=\"text-editor.default\">\n\t\t\t\t<div class=\"elementor-widget-container\">\n\t\t\t\t\t\t\t\t\t<p><strong><span style=\"color: #294a9b;\">Salario m\u00ednimo para 2025<\/span><\/strong><\/p><p style=\"text-align: justify;\">Con un aumento significativo, el salario m\u00ednimo mensual legal vigente para este a\u00f1o ha sido fijado en <strong>$1.423.500,<\/strong> con un aumento del <strong>9,5%<\/strong> respecto al 2024. Seg\u00fan el <strong><a href=\"https:\/\/dapre.presidencia.gov.co\/normativa\/normativa\/DECRETO%201572%20DE%2024%20DE%20DICIEMBRE%20DE%202024.pdf\">DECRETO 1572 DE 24 DE DICIEMBRE DE 2024.pdf,<\/a><\/strong> establecido por el Gobierno Nacional. Este incremento, supera al \u00edndice de inflaci\u00f3n proyectado, para 2024, se espera que la inflaci\u00f3n contin\u00fae bajando y cierre el a\u00f1o por debajo del 6% (5,9%, seg\u00fan el Banco de la Rep\u00fablica y 5,5%, seg\u00fan los analistas del mercado), donde la canasta de bienes ser\u00e1 la de mayor aporte al descenso de la inflaci\u00f3n.<\/p>\t\t\t\t\t\t\t\t<\/div>\n\t\t\t\t<\/div>\n\t\t\t\t<div class=\"elementor-element elementor-element-2a62fb1 elementor-widget elementor-widget-html\" data-id=\"2a62fb1\" data-element_type=\"widget\" data-e-type=\"widget\" data-widget_type=\"html.default\">\n\t\t\t\t<div class=\"elementor-widget-container\">\n\t\t\t\t\t<!DOCTYPE html>\r\n<html lang=\"es\">\r\n<head>\r\n    <meta charset=\"UTF-8\">\r\n    <meta name=\"viewport\" content=\"width=device-width, initial-scale=1.0\">\r\n    <title>Tabla de Salarios 2025<\/title>\r\n    <style>\r\n        table {\r\n            width: 100%;\r\n            border-collapse: collapse;\r\n            margin: 20px 0;\r\n            font-size: 18px;\r\n            text-align: left;\r\n        }\r\n        table th, table td {\r\n            border: 1px solid #ddd;\r\n            padding: 12px;\r\n        }\r\n        table th {\r\n            background-color: #294a9b;\r\n            color: #ffffff;\r\n            font-weight: bold;\r\n        }\r\n        table tr:nth-child(even) {\r\n            background-color: #f2f2f2;\r\n        }\r\n        table tr:hover {\r\n            background-color: #eaeaea;\r\n        }\r\n    <\/style>\r\n<\/head>\r\n<body>\r\n    <table>\r\n        <thead>\r\n            <tr>\r\n                <th>Concepto<\/th>\r\n                <th>Valor (COP)<\/th>\r\n            <\/tr>\r\n        <\/thead>\r\n        <tbody>\r\n            <tr>\r\n                <td>Salario m\u00ednimo legal vigente 2025<\/td>\r\n                <td>$1.423.500<\/td>\r\n            <\/tr>\r\n            <tr>\r\n                <td>Subsidio legal de transporte<\/td>\r\n                <td>$200.000<\/td>\r\n            <\/tr>\r\n            <tr>\r\n                <td>Salario m\u00ednimo integral (13SMMLV)<\/td>\r\n                <td>$18.505.500<\/td>\r\n            <\/tr>\r\n            <tr>\r\n                <td>Salario m\u00ednimo diario<\/td>\r\n                <td>$47.450<\/td>\r\n            <\/tr>\r\n        <\/tbody>\r\n    <\/table>\r\n<\/body>\r\n<\/html>\r\n\t\t\t\t<\/div>\n\t\t\t\t<\/div>\n\t\t\t\t<div class=\"elementor-element elementor-element-d27ceb5 elementor-widget elementor-widget-text-editor\" data-id=\"d27ceb5\" data-element_type=\"widget\" data-e-type=\"widget\" data-widget_type=\"text-editor.default\">\n\t\t\t\t<div class=\"elementor-widget-container\">\n\t\t\t\t\t\t\t\t\t<p><strong><span style=\"color: #294a9b;\">Auxilio de Transporte: M\u00e1s que un beneficio<\/span><\/strong><\/p><p style=\"text-align: justify;\">El auxilio de transporte tambi\u00e9n experimenta un ajuste importante, quedando en <strong>$200.000.<\/strong> Mediante el <strong><a href=\"https:\/\/dapre.presidencia.gov.co\/normativa\/normativa\/DECRETO%201573%20DE%2024%20DE%20DICIEMBRE%20DE%202024.pdf\">DECRETO 1573 DE 24 DE DICIEMBRE DE 2024.pdf<\/a><\/strong>, el Ministerio del Trabajo fij\u00f3 el valor del auxilio de transporte para el a\u00f1o 2025. Este beneficio, dise\u00f1ado para cubrir los costos de movilizaci\u00f3n hacia el lugar de trabajo, es un alivio fundamental para aquellos empleados cuyo salario no supera dos veces el m\u00ednimo legal vigente.<\/p>\t\t\t\t\t\t\t\t<\/div>\n\t\t\t\t<\/div>\n\t\t\t\t<div class=\"elementor-element elementor-element-3dd0bdf elementor-widget elementor-widget-text-editor\" data-id=\"3dd0bdf\" data-element_type=\"widget\" data-e-type=\"widget\" data-widget_type=\"text-editor.default\">\n\t\t\t\t<div class=\"elementor-widget-container\">\n\t\t\t\t\t\t\t\t\t<p><strong><span style=\"color: #294a9b;\">\u00bfQu\u00e9 implica este cambio? <\/span><\/strong><\/p><p style=\"text-align: justify;\">Para las empresas, estos ajustes implican una revisi\u00f3n de sus presupuestos y la actualizaci\u00f3n de las n\u00f3minas para cumplir con la normativa vigente. Por otro lado, los trabajadores se ven beneficiados directamente con un ingreso que contribuye a reducir las brechas econ\u00f3micas.<\/p><p>En SIGH SAS, entendemos la importancia de mantenerse al d\u00eda con estas actualizaciones. Por eso, en nuestra soluci\u00f3n de gesti\u00f3n de n\u00f3mina<strong> GOSEM<\/strong>, hemos implementado herramientas que facilitan la adaptaci\u00f3n a los nuevos cambios normativos, asegurando la precisi\u00f3n y eficiencia que tu empresa necesita.<\/p>\t\t\t\t\t\t\t\t<\/div>\n\t\t\t\t<\/div>\n\t\t\t\t\t<\/div>\n\t\t<\/div>\n\t\t\t\t\t<\/div>\n\t\t<\/section>\n\t\t\t\t<section class=\"has_eae_slider elementor-section elementor-top-section elementor-element elementor-element-5c23bba elementor-section-boxed elementor-section-height-default elementor-section-height-default\" data-eae-slider=\"94356\" data-id=\"5c23bba\" data-element_type=\"section\" data-e-type=\"section\">\n\t\t\t\t\t\t<div class=\"elementor-container elementor-column-gap-default\">\n\t\t\t\t\t<div class=\"has_eae_slider elementor-column elementor-col-50 elementor-top-column elementor-element elementor-element-c2d8907\" data-eae-slider=\"27625\" data-id=\"c2d8907\" data-element_type=\"column\" data-e-type=\"column\">\n\t\t\t<div class=\"elementor-widget-wrap elementor-element-populated\">\n\t\t\t\t\t\t<div class=\"elementor-element elementor-element-1aa6be4 elementor-align-left elementor-widget elementor-widget-button\" data-id=\"1aa6be4\" data-element_type=\"widget\" data-e-type=\"widget\" data-widget_type=\"button.default\">\n\t\t\t\t<div class=\"elementor-widget-container\">\n\t\t\t\t\t\t\t\t\t<div class=\"elementor-button-wrapper\">\n\t\t\t\t\t<a class=\"elementor-button elementor-button-link elementor-size-lg elementor-animation-grow\" href=\"https:\/\/sighsas.com\/V4\/blogsigh-2\/\">\n\t\t\t\t\t\t<span class=\"elementor-button-content-wrapper\">\n\t\t\t\t\t\t<span class=\"elementor-button-icon\">\n\t\t\t\t<svg aria-hidden=\"true\" class=\"e-font-icon-svg e-fas-angle-double-left\" viewBox=\"0 0 448 512\" xmlns=\"http:\/\/www.w3.org\/2000\/svg\"><path d=\"M223.7 239l136-136c9.4-9.4 24.6-9.4 33.9 0l22.6 22.6c9.4 9.4 9.4 24.6 0 33.9L319.9 256l96.4 96.4c9.4 9.4 9.4 24.6 0 33.9L393.7 409c-9.4 9.4-24.6 9.4-33.9 0l-136-136c-9.5-9.4-9.5-24.6-.1-34zm-192 34l136 136c9.4 9.4 24.6 9.4 33.9 0l22.6-22.6c9.4-9.4 9.4-24.6 0-33.9L127.9 256l96.4-96.4c9.4-9.4 9.4-24.6 0-33.9L201.7 103c-9.4-9.4-24.6-9.4-33.9 0l-136 136c-9.5 9.4-9.5 24.6-.1 34z\"><\/path><\/svg>\t\t\t<\/span>\n\t\t\t\t\t\t\t\t\t<span class=\"elementor-button-text\">Volver al blog<\/span>\n\t\t\t\t\t<\/span>\n\t\t\t\t\t<\/a>\n\t\t\t\t<\/div>\n\t\t\t\t\t\t\t\t<\/div>\n\t\t\t\t<\/div>\n\t\t\t\t\t<\/div>\n\t\t<\/div>\n\t\t\t\t<div class=\"has_eae_slider elementor-column elementor-col-50 elementor-top-column elementor-element elementor-element-4193021\" data-eae-slider=\"42576\" data-id=\"4193021\" data-element_type=\"column\" data-e-type=\"column\">\n\t\t\t<div class=\"elementor-widget-wrap\">\n\t\t\t\t\t\t\t<\/div>\n\t\t<\/div>\n\t\t\t\t\t<\/div>\n\t\t<\/section>\n\t\t\t\t<\/div>\n\t\t","protected":false},"excerpt":{"rendered":"<p>Lo Nuevo del Salario M\u00ednimo y Auxilio de Transporte para 2025 El inicio de un nuevo a\u00f1o trae consigo ajustes que impactan a millones de colombianos, y este 2025 no es la excepci\u00f3n. El salario m\u00ednimo y el auxilio de transporte, pilares del bienestar laboral, han sido actualizados como parte de las pol\u00edticas que buscan [&hellip;]<\/p>\n","protected":false},"author":1,"featured_media":9318,"comment_status":"closed","ping_status":"closed","sticky":false,"template":"elementor_header_footer","format":"standard","meta":{"_joinchat":[],"footnotes":""},"categories":[50],"tags":[],"class_list":["post-9312","post","type-post","status-publish","format-standard","has-post-thumbnail","hentry","category-tendencias"],"_links":{"self":[{"href":"https:\/\/sighsas.com\/V4\/wp-json\/wp\/v2\/posts\/9312","targetHints":{"allow":["GET"]}}],"collection":[{"href":"https:\/\/sighsas.com\/V4\/wp-json\/wp\/v2\/posts"}],"about":[{"href":"https:\/\/sighsas.com\/V4\/wp-json\/wp\/v2\/types\/post"}],"author":[{"embeddable":true,"href":"https:\/\/sighsas.com\/V4\/wp-json\/wp\/v2\/users\/1"}],"replies":[{"embeddable":true,"href":"https:\/\/sighsas.com\/V4\/wp-json\/wp\/v2\/comments?post=9312"}],"version-history":[{"count":7,"href":"https:\/\/sighsas.com\/V4\/wp-json\/wp\/v2\/posts\/9312\/revisions"}],"predecessor-version":[{"id":9322,"href":"https:\/\/sighsas.com\/V4\/wp-json\/wp\/v2\/posts\/9312\/revisions\/9322"}],"wp:featuredmedia":[{"embeddable":true,"href":"https:\/\/sighsas.com\/V4\/wp-json\/wp\/v2\/media\/9318"}],"wp:attachment":[{"href":"https:\/\/sighsas.com\/V4\/wp-json\/wp\/v2\/media?parent=9312"}],"wp:term":[{"taxonomy":"category","embeddable":true,"href":"https:\/\/sighsas.com\/V4\/wp-json\/wp\/v2\/categories?post=9312"},{"taxonomy":"post_tag","embeddable":true,"href":"https:\/\/sighsas.com\/V4\/wp-json\/wp\/v2\/tags?post=9312"}],"curies":[{"name":"wp","href":"https:\/\/api.w.org\/{rel}","templated":true}]}}