{"id":7644,"date":"2023-11-03T20:19:14","date_gmt":"2023-11-03T20:19:14","guid":{"rendered":"https:\/\/sighsas.com\/V4\/?p=7644"},"modified":"2023-12-01T22:03:31","modified_gmt":"2023-12-01T22:03:31","slug":"la-salud-mental-en-colombia-una-mirada-a-la-realidad-actual","status":"publish","type":"post","link":"https:\/\/sighsas.com\/V4\/2023\/11\/03\/la-salud-mental-en-colombia-una-mirada-a-la-realidad-actual\/","title":{"rendered":"La Salud Mental en Colombia: Una Mirada a la Realidad Actual"},"content":{"rendered":"\t\t<div data-elementor-type=\"wp-post\" data-elementor-id=\"7644\" class=\"elementor elementor-7644\" data-elementor-post-type=\"post\">\n\t\t\t\t\t\t<section class=\"has_eae_slider elementor-section elementor-top-section elementor-element elementor-element-d323379 elementor-section-boxed elementor-section-height-default elementor-section-height-default\" data-eae-slider=\"27599\" data-id=\"d323379\" data-element_type=\"section\" data-e-type=\"section\" data-settings=\"{&quot;background_background&quot;:&quot;classic&quot;}\">\n\t\t\t\t\t\t<div class=\"elementor-container elementor-column-gap-default\">\n\t\t\t\t\t<div class=\"has_eae_slider elementor-column elementor-col-100 elementor-top-column elementor-element elementor-element-dc0ab41\" data-eae-slider=\"24522\" data-id=\"dc0ab41\" data-element_type=\"column\" data-e-type=\"column\">\n\t\t\t<div class=\"elementor-widget-wrap\">\n\t\t\t\t\t\t\t<\/div>\n\t\t<\/div>\n\t\t\t\t\t<\/div>\n\t\t<\/section>\n\t\t\t\t<section class=\"has_eae_slider elementor-section elementor-top-section elementor-element elementor-element-b3ced5b elementor-section-boxed elementor-section-height-default elementor-section-height-default\" data-eae-slider=\"95131\" data-id=\"b3ced5b\" data-element_type=\"section\" data-e-type=\"section\">\n\t\t\t\t\t\t<div class=\"elementor-container elementor-column-gap-default\">\n\t\t\t\t\t<div class=\"has_eae_slider elementor-column elementor-col-100 elementor-top-column elementor-element elementor-element-a401f9e\" data-eae-slider=\"60332\" data-id=\"a401f9e\" data-element_type=\"column\" data-e-type=\"column\">\n\t\t\t<div class=\"elementor-widget-wrap elementor-element-populated\">\n\t\t\t\t\t\t<div class=\"elementor-element elementor-element-999b107 elementor-widget elementor-widget-heading\" data-id=\"999b107\" data-element_type=\"widget\" data-e-type=\"widget\" data-widget_type=\"heading.default\">\n\t\t\t\t<div class=\"elementor-widget-container\">\n\t\t\t\t\t<h2 class=\"elementor-heading-title elementor-size-default\">La Salud Mental en Colombia: Una Mirada a la Realidad Actual.<\/h2>\t\t\t\t<\/div>\n\t\t\t\t<\/div>\n\t\t\t\t<div class=\"elementor-element elementor-element-8793cf5 elementor-widget elementor-widget-image\" data-id=\"8793cf5\" data-element_type=\"widget\" data-e-type=\"widget\" data-widget_type=\"image.default\">\n\t\t\t\t<div class=\"elementor-widget-container\">\n\t\t\t\t\t\t\t\t\t\t\t\t\t\t\t<img fetchpriority=\"high\" decoding=\"async\" width=\"640\" height=\"427\" src=\"https:\/\/sighsas.com\/V4\/wp-content\/uploads\/2023\/11\/hombre-triste-hablando-sus-problemas-sesion-terapia-grupo-1024x683.jpg\" class=\"attachment-large size-large wp-image-7645\" alt=\"\" srcset=\"https:\/\/sighsas.com\/V4\/wp-content\/uploads\/2023\/11\/hombre-triste-hablando-sus-problemas-sesion-terapia-grupo-1024x683.jpg 1024w, https:\/\/sighsas.com\/V4\/wp-content\/uploads\/2023\/11\/hombre-triste-hablando-sus-problemas-sesion-terapia-grupo-300x200.jpg 300w, https:\/\/sighsas.com\/V4\/wp-content\/uploads\/2023\/11\/hombre-triste-hablando-sus-problemas-sesion-terapia-grupo-768x512.jpg 768w, https:\/\/sighsas.com\/V4\/wp-content\/uploads\/2023\/11\/hombre-triste-hablando-sus-problemas-sesion-terapia-grupo-1536x1024.jpg 1536w, https:\/\/sighsas.com\/V4\/wp-content\/uploads\/2023\/11\/hombre-triste-hablando-sus-problemas-sesion-terapia-grupo-2048x1365.jpg 2048w\" sizes=\"(max-width: 640px) 100vw, 640px\" \/>\t\t\t\t\t\t\t\t\t\t\t\t\t\t\t<\/div>\n\t\t\t\t<\/div>\n\t\t\t\t<div class=\"elementor-element elementor-element-32c4f2d elementor-widget elementor-widget-text-editor\" data-id=\"32c4f2d\" data-element_type=\"widget\" data-e-type=\"widget\" data-widget_type=\"text-editor.default\">\n\t\t\t\t<div class=\"elementor-widget-container\">\n\t\t\t\t\t\t\t\t\t<p style=\"text-align: justify;\"><span style=\"color: var( --e-global-color-text ); letter-spacing: 0.3px;\">En la \u00faltima d\u00e9cada, Colombia ha experimentado un aumento significativo en la conciencia y la importancia de la salud mental. A medida que el pa\u00eds ha avanzado en t\u00e9rminos de desarrollo y estabilidad, se ha reconocido cada vez m\u00e1s la necesidad de abordar los desaf\u00edos y las barreras que afectan la salud mental de la poblaci\u00f3n.<\/span><\/p><p style=\"text-align: justify;\"><b style=\"text-align: justify; color: var( --e-global-color-text ); letter-spacing: 0.3px;\"><span style=\"color: #294a9b;\">\u00a0<\/span><\/b><\/p><p style=\"text-align: justify;\"><b style=\"text-align: justify; color: var( --e-global-color-text ); letter-spacing: 0.3px;\"><span style=\"color: #294a9b;\">El panorama actual de la salud mental en Colombia<\/span><\/b><\/p><p style=\"text-align: justify;\">En Colombia, la salud mental ha sido un tema que hist\u00f3ricamente ha enfrentado estigmas y falta de acceso a recursos y servicios adecuados. A pesar de los avances en la comprensi\u00f3n y el tratamiento de los trastornos mentales, persisten desaf\u00edos significativos, como la falta de recursos financieros, la escasez de profesionales capacitados y la insuficiente sensibilizaci\u00f3n p\u00fablica.<br \/><br \/><b style=\"text-align: justify; color: var( --e-global-color-text ); letter-spacing: 0.3px;\"><span style=\"color: #294a9b;\"><br \/><\/span><\/b><\/p><p style=\"text-align: justify;\"><b style=\"text-align: justify; color: var( --e-global-color-text ); letter-spacing: 0.3px;\"><span style=\"color: #294a9b;\">Impacto de la pandemia y el conflicto en la salud mental<\/span><\/b><\/p><p style=\"text-align: justify;\">La pandemia de COVID-19 ha ejercido una presi\u00f3n adicional sobre el sistema de salud mental en Colombia. Las medidas de confinamiento, el aumento de la ansiedad y la incertidumbre econ\u00f3mica han exacerbado los problemas preexistentes y han generado nuevos desaf\u00edos. Adem\u00e1s, la persistencia de conflictos armados en algunas regiones del pa\u00eds ha dejado secuelas profundas en la salud mental de las comunidades afectadas.<\/p><p style=\"text-align: justify;\"><b><span style=\"color: #294a9b;\">\u00a0<\/span><\/b><\/p><p style=\"text-align: justify;\"><b><span style=\"color: #294a9b;\">Avances y desaf\u00edos en la atenci\u00f3n de la salud mental<\/span><\/b><\/p><p style=\"text-align: justify;\">A pesar de los desaf\u00edos, Colombia ha logrado progresos significativos en la expansi\u00f3n de los servicios de salud mental. Se han implementado pol\u00edticas y programas que promueven la conciencia y la prevenci\u00f3n de trastornos mentales, as\u00ed como el acceso a servicios de calidad. Sin embargo, a\u00fan queda mucho por hacer para garantizar una cobertura integral y equitativa para todos los ciudadanos, especialmente para aquellos en \u00e1reas rurales y comunidades marginadas.<\/p><p>\u00a0<\/p><p style=\"text-align: justify;\"><b><span style=\"color: #294a9b;\">Iniciativas y recursos disponibles<\/span><\/b><\/p><p style=\"text-align: justify;\">Diversas organizaciones no gubernamentales y entidades gubernamentales han estado trabajando arduamente para abordar los desaf\u00edos de la salud mental en Colombia. Programas de sensibilizaci\u00f3n, campa\u00f1as educativas y servicios de apoyo psicol\u00f3gico se han implementado en varias regiones del pa\u00eds. Adem\u00e1s, se han establecido l\u00edneas telef\u00f3nicas de ayuda y se han desarrollado plataformas en l\u00ednea para brindar acceso a recursos de salud mental.<\/p><p>\u00a0<\/p><p style=\"text-align: justify;\"><b><span style=\"color: #294a9b;\">El camino hacia un futuro m\u00e1s saludable<\/span><\/b><\/p><p style=\"text-align: justify;\">A medida que Colombia avanza hacia un futuro m\u00e1s prometedor, es crucial seguir priorizando la salud mental como parte integral del bienestar general de la poblaci\u00f3n. Se requiere una mayor inversi\u00f3n en recursos y programas destinados a mejorar el acceso a la atenci\u00f3n de salud mental, as\u00ed como una mayor sensibilizaci\u00f3n y educaci\u00f3n para eliminar los estigmas asociados con los trastornos mentales.<\/p><p style=\"text-align: justify;\">En resumen, la situaci\u00f3n de la salud mental en Colombia refleja tanto los desaf\u00edos persistentes como los avances positivos. Al continuar fortaleciendo los esfuerzos colectivos para abordar las barreras existentes y promover un enfoque integrado de la salud mental, Colombia puede construir un futuro m\u00e1s saludable y resiliente para sus ciudadanos.<\/p>\t\t\t\t\t\t\t\t<\/div>\n\t\t\t\t<\/div>\n\t\t\t\t\t<\/div>\n\t\t<\/div>\n\t\t\t\t\t<\/div>\n\t\t<\/section>\n\t\t\t\t<section class=\"has_eae_slider elementor-section elementor-top-section elementor-element elementor-element-5c23bba elementor-section-boxed elementor-section-height-default elementor-section-height-default\" data-eae-slider=\"69560\" data-id=\"5c23bba\" data-element_type=\"section\" data-e-type=\"section\">\n\t\t\t\t\t\t<div class=\"elementor-container elementor-column-gap-default\">\n\t\t\t\t\t<div class=\"has_eae_slider elementor-column elementor-col-50 elementor-top-column elementor-element elementor-element-c2d8907\" data-eae-slider=\"42933\" data-id=\"c2d8907\" data-element_type=\"column\" data-e-type=\"column\">\n\t\t\t<div class=\"elementor-widget-wrap elementor-element-populated\">\n\t\t\t\t\t\t<div class=\"elementor-element elementor-element-1aa6be4 elementor-align-left elementor-widget elementor-widget-button\" data-id=\"1aa6be4\" data-element_type=\"widget\" data-e-type=\"widget\" data-widget_type=\"button.default\">\n\t\t\t\t<div class=\"elementor-widget-container\">\n\t\t\t\t\t\t\t\t\t<div class=\"elementor-button-wrapper\">\n\t\t\t\t\t<a class=\"elementor-button elementor-button-link elementor-size-lg elementor-animation-grow\" href=\"https:\/\/sighsas.com\/V4\/blogsigh-2\/\">\n\t\t\t\t\t\t<span class=\"elementor-button-content-wrapper\">\n\t\t\t\t\t\t<span class=\"elementor-button-icon\">\n\t\t\t\t<svg aria-hidden=\"true\" class=\"e-font-icon-svg e-fas-angle-double-left\" viewBox=\"0 0 448 512\" xmlns=\"http:\/\/www.w3.org\/2000\/svg\"><path d=\"M223.7 239l136-136c9.4-9.4 24.6-9.4 33.9 0l22.6 22.6c9.4 9.4 9.4 24.6 0 33.9L319.9 256l96.4 96.4c9.4 9.4 9.4 24.6 0 33.9L393.7 409c-9.4 9.4-24.6 9.4-33.9 0l-136-136c-9.5-9.4-9.5-24.6-.1-34zm-192 34l136 136c9.4 9.4 24.6 9.4 33.9 0l22.6-22.6c9.4-9.4 9.4-24.6 0-33.9L127.9 256l96.4-96.4c9.4-9.4 9.4-24.6 0-33.9L201.7 103c-9.4-9.4-24.6-9.4-33.9 0l-136 136c-9.5 9.4-9.5 24.6-.1 34z\"><\/path><\/svg>\t\t\t<\/span>\n\t\t\t\t\t\t\t\t\t<span class=\"elementor-button-text\">Volver al blog<\/span>\n\t\t\t\t\t<\/span>\n\t\t\t\t\t<\/a>\n\t\t\t\t<\/div>\n\t\t\t\t\t\t\t\t<\/div>\n\t\t\t\t<\/div>\n\t\t\t\t\t<\/div>\n\t\t<\/div>\n\t\t\t\t<div class=\"has_eae_slider elementor-column elementor-col-50 elementor-top-column elementor-element elementor-element-4193021\" data-eae-slider=\"98620\" data-id=\"4193021\" data-element_type=\"column\" data-e-type=\"column\">\n\t\t\t<div class=\"elementor-widget-wrap\">\n\t\t\t\t\t\t\t<\/div>\n\t\t<\/div>\n\t\t\t\t\t<\/div>\n\t\t<\/section>\n\t\t\t\t<\/div>\n\t\t","protected":false},"excerpt":{"rendered":"<p>La Salud Mental en Colombia: Una Mirada a la Realidad Actual. En la \u00faltima d\u00e9cada, Colombia ha experimentado un aumento significativo en la conciencia y la importancia de la salud mental. A medida que el pa\u00eds ha avanzado en t\u00e9rminos de desarrollo y estabilidad, se ha reconocido cada vez m\u00e1s la necesidad de abordar los [&hellip;]<\/p>\n","protected":false},"author":1,"featured_media":7645,"comment_status":"closed","ping_status":"closed","sticky":false,"template":"elementor_header_footer","format":"standard","meta":{"_joinchat":[],"footnotes":""},"categories":[50],"tags":[],"class_list":["post-7644","post","type-post","status-publish","format-standard","has-post-thumbnail","hentry","category-tendencias"],"_links":{"self":[{"href":"https:\/\/sighsas.com\/V4\/wp-json\/wp\/v2\/posts\/7644","targetHints":{"allow":["GET"]}}],"collection":[{"href":"https:\/\/sighsas.com\/V4\/wp-json\/wp\/v2\/posts"}],"about":[{"href":"https:\/\/sighsas.com\/V4\/wp-json\/wp\/v2\/types\/post"}],"author":[{"embeddable":true,"href":"https:\/\/sighsas.com\/V4\/wp-json\/wp\/v2\/users\/1"}],"replies":[{"embeddable":true,"href":"https:\/\/sighsas.com\/V4\/wp-json\/wp\/v2\/comments?post=7644"}],"version-history":[{"count":11,"href":"https:\/\/sighsas.com\/V4\/wp-json\/wp\/v2\/posts\/7644\/revisions"}],"predecessor-version":[{"id":7800,"href":"https:\/\/sighsas.com\/V4\/wp-json\/wp\/v2\/posts\/7644\/revisions\/7800"}],"wp:featuredmedia":[{"embeddable":true,"href":"https:\/\/sighsas.com\/V4\/wp-json\/wp\/v2\/media\/7645"}],"wp:attachment":[{"href":"https:\/\/sighsas.com\/V4\/wp-json\/wp\/v2\/media?parent=7644"}],"wp:term":[{"taxonomy":"category","embeddable":true,"href":"https:\/\/sighsas.com\/V4\/wp-json\/wp\/v2\/categories?post=7644"},{"taxonomy":"post_tag","embeddable":true,"href":"https:\/\/sighsas.com\/V4\/wp-json\/wp\/v2\/tags?post=7644"}],"curies":[{"name":"wp","href":"https:\/\/api.w.org\/{rel}","templated":true}]}}